{"id":359,"date":"2024-12-27T17:14:53","date_gmt":"2024-12-27T20:14:53","guid":{"rendered":"https:\/\/eltaller.info\/?p=359"},"modified":"2024-12-27T17:16:03","modified_gmt":"2024-12-27T20:16:03","slug":"promperu-presento-el-cafe-peruano","status":"publish","type":"post","link":"https:\/\/eltaller.info\/?p=359","title":{"rendered":"Promper\u00fa present\u00f3 El Caf\u00e9 Peruano"},"content":{"rendered":"<p><a href=\"https:\/\/www.instagram.com\/promperuenargentina\/\">@promperuenargentina<\/a>&nbsp;present\u00f3 el caf\u00e9 peruano en&nbsp;<a href=\"https:\/\/www.instagram.com\/eltallercaba\/\">@eltallercaba<\/a>&nbsp;frente a la comunidad cafetera local.<br>El caf\u00e9 peruano es el nuevo jugador en la escena del caf\u00e9 de especialidad en Argentina, trayendo un perfil de sabor tan versatil como interesante para el paladar argentino.<br>Agradecemos a Promperu, a la&nbsp;<a href=\"https:\/\/www.instagram.com\/embperuenarg\/\">@embperuenarg<\/a>&nbsp;, y en particular a&nbsp;<a href=\"https:\/\/www.instagram.com\/silviaseperack\/\">@silviaseperack<\/a>&nbsp;,&nbsp;<a href=\"https:\/\/www.instagram.com\/bernisugasti\/\">@bernisugasti<\/a>&nbsp;y&nbsp;<a href=\"https:\/\/www.instagram.com\/sreusmann\/\">@sreusmann<\/a>&nbsp;por confiar en nosotros para este evento. Sin duda vendr\u00e1n muchos m\u00e1s.<\/p><p><\/p><figure class=\"wp-block-embed is-type-video is-provider-youtube wp-block-embed-youtube wp-embed-aspect-16-9 wp-has-aspect-ratio\"><div class=\"wp-block-embed__wrapper\">\n<iframe loading=\"lazy\" title=\"Promperu presenta el Caf\u00e9 Peruano en El Taller CABA\" width=\"500\" height=\"281\" src=\"https:\/\/www.youtube.com\/embed\/Epf0E-If5n0?feature=oembed\" frameborder=\"0\" allow=\"accelerometer; autoplay; clipboard-write; encrypted-media; gyroscope; picture-in-picture; web-share\" referrerpolicy=\"strict-origin-when-cross-origin\" allowfullscreen><\/iframe>\n<\/div><\/figure>","protected":false},"excerpt":{"rendered":"<p>@promperuenargentina&nbsp;present\u00f3 el caf\u00e9 peruano en&nbsp;@eltallercaba&nbsp;frente a la comunidad cafetera local.El caf\u00e9 peruano es el nuevo jugador en la escena del caf\u00e9 de especialidad en Argentina, trayendo un perfil de sabor tan versatil como interesante para el paladar argentino.Agradecemos a Promperu, a la&nbsp;@embperuenarg&nbsp;, y en particular a&nbsp;@silviaseperack&nbsp;,&nbsp;@bernisugasti&nbsp;y&nbsp;@sreusmann&nbsp;por confiar en nosotros para este evento. Sin duda vendr\u00e1n [&hellip;]<\/p>\n","protected":false},"author":2,"featured_media":362,"comment_status":"open","ping_status":"open","sticky":false,"template":"","format":"standard","meta":{"footnotes":""},"categories":[1],"tags":[],"class_list":["post-359","post","type-post","status-publish","format-standard","has-post-thumbnail","hentry","category-sin-categoria"],"_links":{"self":[{"href":"https:\/\/eltaller.info\/index.php?rest_route=\/wp\/v2\/posts\/359","targetHints":{"allow":["GET"]}}],"collection":[{"href":"https:\/\/eltaller.info\/index.php?rest_route=\/wp\/v2\/posts"}],"about":[{"href":"https:\/\/eltaller.info\/index.php?rest_route=\/wp\/v2\/types\/post"}],"author":[{"embeddable":true,"href":"https:\/\/eltaller.info\/index.php?rest_route=\/wp\/v2\/users\/2"}],"replies":[{"embeddable":true,"href":"https:\/\/eltaller.info\/index.php?rest_route=%2Fwp%2Fv2%2Fcomments&post=359"}],"version-history":[{"count":1,"href":"https:\/\/eltaller.info\/index.php?rest_route=\/wp\/v2\/posts\/359\/revisions"}],"predecessor-version":[{"id":361,"href":"https:\/\/eltaller.info\/index.php?rest_route=\/wp\/v2\/posts\/359\/revisions\/361"}],"wp:featuredmedia":[{"embeddable":true,"href":"https:\/\/eltaller.info\/index.php?rest_route=\/wp\/v2\/media\/362"}],"wp:attachment":[{"href":"https:\/\/eltaller.info\/index.php?rest_route=%2Fwp%2Fv2%2Fmedia&parent=359"}],"wp:term":[{"taxonomy":"category","embeddable":true,"href":"https:\/\/eltaller.info\/index.php?rest_route=%2Fwp%2Fv2%2Fcategories&post=359"},{"taxonomy":"post_tag","embeddable":true,"href":"https:\/\/eltaller.info\/index.php?rest_route=%2Fwp%2Fv2%2Ftags&post=359"}],"curies":[{"name":"wp","href":"https:\/\/api.w.org\/{rel}","templated":true}]}}