{"id":398,"date":"2025-01-28T16:55:34","date_gmt":"2025-01-28T19:55:34","guid":{"rendered":"https:\/\/eltaller.info\/?p=398"},"modified":"2025-01-28T16:55:34","modified_gmt":"2025-01-28T19:55:34","slug":"8-2-%f0%9f%92%bfferia-de-vinilos-en-el-taller-junto-a-la-house-feria-%f0%9f%93%bc","status":"publish","type":"post","link":"https:\/\/eltaller.info\/?p=398","title":{"rendered":"8\/2 &#8211; \ud83d\udcbfFeria de Vinilos en El Taller, junto a La House Feria \ud83d\udcfc"},"content":{"rendered":"<p>\ud83c\udfb6 <strong>\u00a1La m\u00fasica est\u00e1 en el coraz\u00f3n de El Taller!<\/strong> \ud83c\udfb6<\/p><p>El <strong>s\u00e1bado 8 de febrero<\/strong>, de <strong>14:00 a 20:00<\/strong>, te esperamos para una <strong>Feria de Vinilos<\/strong> \u00fanica junto a <a href=\"https:\/\/www.instagram.com\/lahouseferia\/\"><strong>La House Feria<\/strong><\/a>. \ud83d\udcc0\u2728<\/p><figure class=\"wp-block-embed is-type-video is-provider-youtube wp-block-embed-youtube wp-embed-aspect-16-9 wp-has-aspect-ratio\"><div class=\"wp-block-embed__wrapper\">\n<iframe loading=\"lazy\" title=\"8\/2 Feria de vinilos en El Taller CABA\" width=\"500\" height=\"281\" src=\"https:\/\/www.youtube.com\/embed\/m2-mGUTZ0Zo?feature=oembed\" frameborder=\"0\" allow=\"accelerometer; autoplay; clipboard-write; encrypted-media; gyroscope; picture-in-picture; web-share\" referrerpolicy=\"strict-origin-when-cross-origin\" allowfullscreen><\/iframe>\n<\/div><\/figure><p>En El Taller, creemos en la magia de la m\u00fasica y en darle segundas vidas a los objetos: vinilos, cassettes y CDs que conectan historias, emociones y culturas. Por eso, abrimos nuestro espacio para una tarde llena de sonidos, descubrimientos y buena energ\u00eda. \ud83c\udfa7\ud83c\udfb6<\/p><p>Habr\u00e1 <strong>miles de discos<\/strong> para revolver, DJs poniendo vinilos todo el d\u00eda, y una <strong>cerveza Grolsch tirada<\/strong> para disfrutar mientras explor\u00e1s y compart\u00eds. \ud83c\udf7b\u2728<\/p><p>\ud83d\udccd <strong>Dorrego 1039, Chacarita<\/strong><br>\ud83c\udf9f\ufe0f <strong>Entrada libre y gratuita<\/strong><\/p><p>\u00a1Venite con tus amigos, tu familia o en solitario a vivir esta experiencia! \ud83d\ude4c<\/p><p>#FeriaDeVinilos #LaHouseFeria #ElTallerCABA #SegundasVidas #VinilosYBirra #CervezaGrolsch<\/p>","protected":false},"excerpt":{"rendered":"<p>\ud83c\udfb6 \u00a1La m\u00fasica est\u00e1 en el coraz\u00f3n de El Taller! \ud83c\udfb6 El s\u00e1bado 8 de febrero, de 14:00 a 20:00, te esperamos para una Feria de Vinilos \u00fanica junto a La House Feria. \ud83d\udcc0\u2728 En El Taller, creemos en la magia de la m\u00fasica y en darle segundas vidas a los objetos: vinilos, cassettes y [&hellip;]<\/p>\n","protected":false},"author":2,"featured_media":411,"comment_status":"open","ping_status":"open","sticky":false,"template":"","format":"standard","meta":{"footnotes":""},"categories":[1],"tags":[],"class_list":["post-398","post","type-post","status-publish","format-standard","has-post-thumbnail","hentry","category-sin-categoria"],"_links":{"self":[{"href":"https:\/\/eltaller.info\/index.php?rest_route=\/wp\/v2\/posts\/398","targetHints":{"allow":["GET"]}}],"collection":[{"href":"https:\/\/eltaller.info\/index.php?rest_route=\/wp\/v2\/posts"}],"about":[{"href":"https:\/\/eltaller.info\/index.php?rest_route=\/wp\/v2\/types\/post"}],"author":[{"embeddable":true,"href":"https:\/\/eltaller.info\/index.php?rest_route=\/wp\/v2\/users\/2"}],"replies":[{"embeddable":true,"href":"https:\/\/eltaller.info\/index.php?rest_route=%2Fwp%2Fv2%2Fcomments&post=398"}],"version-history":[{"count":4,"href":"https:\/\/eltaller.info\/index.php?rest_route=\/wp\/v2\/posts\/398\/revisions"}],"predecessor-version":[{"id":415,"href":"https:\/\/eltaller.info\/index.php?rest_route=\/wp\/v2\/posts\/398\/revisions\/415"}],"wp:featuredmedia":[{"embeddable":true,"href":"https:\/\/eltaller.info\/index.php?rest_route=\/wp\/v2\/media\/411"}],"wp:attachment":[{"href":"https:\/\/eltaller.info\/index.php?rest_route=%2Fwp%2Fv2%2Fmedia&parent=398"}],"wp:term":[{"taxonomy":"category","embeddable":true,"href":"https:\/\/eltaller.info\/index.php?rest_route=%2Fwp%2Fv2%2Fcategories&post=398"},{"taxonomy":"post_tag","embeddable":true,"href":"https:\/\/eltaller.info\/index.php?rest_route=%2Fwp%2Fv2%2Ftags&post=398"}],"curies":[{"name":"wp","href":"https:\/\/api.w.org\/{rel}","templated":true}]}}