{"id":416,"date":"2025-01-31T10:20:28","date_gmt":"2025-01-31T13:20:28","guid":{"rendered":"https:\/\/eltaller.info\/?p=416"},"modified":"2025-01-31T10:21:16","modified_gmt":"2025-01-31T13:21:16","slug":"6-2-babel-night","status":"publish","type":"post","link":"https:\/\/eltaller.info\/?p=416","title":{"rendered":"6\/2 &#8211; Babel Night"},"content":{"rendered":"<div class=\"wp-block-columns is-layout-flex wp-container-core-columns-is-layout-28f84493 wp-block-columns-is-layout-flex\"><div class=\"wp-block-column is-layout-flow wp-block-column-is-layout-flow\"><p>\ud83c\udf0d\u2728 <strong>Babel Night is back!<\/strong> \u2728\ud83c\udf0d<\/p>\n\n<p>Join us on <strong>Thursday, February 6<\/strong>, at <strong>El Taller CABA<\/strong> for a night of language exchange, multicultural connections, and a taste of authentic Argentine spirit.<\/p>\n\n<p>\ud83d\udd39 <strong>Practice and improve your language skills<\/strong> in a relaxed, welcoming atmosphere<br>\ud83d\udd39 <strong>Meet people from diverse backgrounds<\/strong>, all eager to connect and share experiences<br>\ud83d\udd39 <strong>Enjoy great drinks, delicious food, and an amazing vibe<\/strong><\/p>\n\n<p>Be part of this <strong>global gathering<\/strong> without leaving Buenos Aires.<\/p>\n\n<p>\ud83d\udccd <strong>El Taller CABA<\/strong><br>\ud83d\udcc5 <strong>Thursday, February 6<\/strong><\/p>\n\n<p><a href=\"\/babel\">Click here to <strong>reserve your spot now<\/strong><\/a> and don\u2019t miss out on the experience! \ud83c\udf89<\/p>\n\n<p>#BabelNight #ElTallerCABA #LanguageExchange #MeetTheWorld<\/p><\/div>\n\n<div class=\"wp-block-column is-layout-flow wp-block-column-is-layout-flow\"><p>\ud83c\udf0d\u2728 <strong>\u00a1Vuelve Babel Night!<\/strong> \u2728\ud83c\udf0d<\/p>\n\n<p>Te esperamos el <strong>jueves 6 de febrero<\/strong> en <strong>El Taller CABA<\/strong> para una noche de intercambio de idiomas, conexiones multiculturales y una experiencia aut\u00e9nticamente argentina.<\/p>\n\n<p>\ud83d\udd39 <strong>Practic\u00e1 y mejor\u00e1 tus habilidades ling\u00fc\u00edsticas<\/strong> en un ambiente relajado y acogedor<br>\ud83d\udd39 <strong>Conoc\u00e9 gente de todo el mundo<\/strong>, dispuesta a compartir experiencias y buenas charlas<br>\ud83d\udd39 <strong>Disfrut\u00e1 de excelentes tragos, comida deliciosa y una vibra inigualable<\/strong><\/p>\n\n<p>S\u00e9 parte de este <strong>encuentro global<\/strong> sin salir de Buenos Aires.<\/p>\n\n<p>\ud83d\udccd <strong>El Taller CABA<\/strong><br>\ud83d\udcc5 <strong>Jueves 6 de febrero<\/strong><\/p>\n\n<p><a href=\"\/babel\"><strong>\u00a1Reserv\u00e1 tu lugar ahora y no te lo pierdas!<\/strong> <\/a>\ud83c\udf89<\/p>\n\n<p>#BabelNight #ElTallerCABA #IntercambioDeIdiomas #Conect\u00e1ConElMundo<\/p><\/div><\/div>","protected":false},"excerpt":{"rendered":"<p>\ud83c\udf0d\u2728 Babel Night is back! \u2728\ud83c\udf0d Join us on Thursday, February 6, at El Taller CABA for a night of language exchange, multicultural connections, and a taste of authentic Argentine spirit. \ud83d\udd39 Practice and improve your language skills in a relaxed, welcoming atmosphere\ud83d\udd39 Meet people from diverse backgrounds, all eager to connect and share experiences\ud83d\udd39 [&hellip;]<\/p>\n","protected":false},"author":2,"featured_media":417,"comment_status":"open","ping_status":"open","sticky":false,"template":"","format":"standard","meta":{"footnotes":""},"categories":[1],"tags":[],"class_list":["post-416","post","type-post","status-publish","format-standard","has-post-thumbnail","hentry","category-sin-categoria"],"_links":{"self":[{"href":"https:\/\/eltaller.info\/index.php?rest_route=\/wp\/v2\/posts\/416","targetHints":{"allow":["GET"]}}],"collection":[{"href":"https:\/\/eltaller.info\/index.php?rest_route=\/wp\/v2\/posts"}],"about":[{"href":"https:\/\/eltaller.info\/index.php?rest_route=\/wp\/v2\/types\/post"}],"author":[{"embeddable":true,"href":"https:\/\/eltaller.info\/index.php?rest_route=\/wp\/v2\/users\/2"}],"replies":[{"embeddable":true,"href":"https:\/\/eltaller.info\/index.php?rest_route=%2Fwp%2Fv2%2Fcomments&post=416"}],"version-history":[{"count":2,"href":"https:\/\/eltaller.info\/index.php?rest_route=\/wp\/v2\/posts\/416\/revisions"}],"predecessor-version":[{"id":419,"href":"https:\/\/eltaller.info\/index.php?rest_route=\/wp\/v2\/posts\/416\/revisions\/419"}],"wp:featuredmedia":[{"embeddable":true,"href":"https:\/\/eltaller.info\/index.php?rest_route=\/wp\/v2\/media\/417"}],"wp:attachment":[{"href":"https:\/\/eltaller.info\/index.php?rest_route=%2Fwp%2Fv2%2Fmedia&parent=416"}],"wp:term":[{"taxonomy":"category","embeddable":true,"href":"https:\/\/eltaller.info\/index.php?rest_route=%2Fwp%2Fv2%2Fcategories&post=416"},{"taxonomy":"post_tag","embeddable":true,"href":"https:\/\/eltaller.info\/index.php?rest_route=%2Fwp%2Fv2%2Ftags&post=416"}],"curies":[{"name":"wp","href":"https:\/\/api.w.org\/{rel}","templated":true}]}}