{"id":428,"date":"2025-02-05T09:51:17","date_gmt":"2025-02-05T12:51:17","guid":{"rendered":"https:\/\/eltaller.info\/?p=428"},"modified":"2025-02-05T09:54:40","modified_gmt":"2025-02-05T12:54:40","slug":"22-2-pop-up-magico-nueva-edicion","status":"publish","type":"post","link":"https:\/\/eltaller.info\/?p=428","title":{"rendered":"22\/2 Pop-Up M\u00e1gico &#8211; Nueva Edici\u00f3n"},"content":{"rendered":"<p>Vuelve la cena m\u00e1s especial del a\u00f1o! \ud83d\udd25 <strong>El Taller CABA<\/strong> abre sus puertas nuevamente para una <strong>experiencia gastron\u00f3mica \u00fanica e irrepetible<\/strong>, donde los sentidos son protagonistas.<\/p><figure style=\"margin-top:0;margin-bottom:0;padding-top:var(--wp--preset--spacing--80);padding-right:var(--wp--preset--spacing--80);padding-bottom:var(--wp--preset--spacing--80);padding-left:var(--wp--preset--spacing--80)\" class=\"wp-block-video\"><video height=\"1920\" style=\"aspect-ratio: 1080 \/ 1920;\" width=\"1080\" autoplay loop poster=\"https:\/\/eltaller.info\/wp-content\/uploads\/2025\/02\/stories-pop-up-magico.jpg\" src=\"https:\/\/eltaller.info\/wp-content\/uploads\/2025\/02\/stories-pop-up-magico-2.mp4\" playsinline><\/video><\/figure><p>\ud83c\udf7d\ufe0f <strong>Un men\u00fa exclusivo inspirado en el poder del cannabis<\/strong>, dise\u00f1ado para sorprenderte con nuevos sabores, texturas y sensaciones.<\/p><p>Ser\u00e1 una noche \u00edntima, con <strong>platos creados especialmente para la ocasi\u00f3n, maridajes \u00fanicos y un ambiente relajado para disfrutar sin apuros<\/strong>. \ud83c\udf19\u2728<\/p><p>\u26a0\ufe0f <strong>Evento privado y con cupos limitados.<\/strong> Si quer\u00e9s ser parte de esta experiencia m\u00e1gica, <strong>mandanos un mensaje directo para reservar tu lugar.<\/strong> \ud83d\udce9<\/p><p>\ud83d\udcc5 <strong>22 de febrero &#8211; 19:00<\/strong> <\/p><p>\ud83d\udccd <strong>El Taller CABA<\/strong><\/p><p>\ud83d\udc9a <strong>Algunas cosas no se cuentan\u2026 se viven.<\/strong><\/p><p>#PopupM\u00e1gico #CenaCann\u00e1bica #Gastronom\u00edaConsciente #SaboresQueTransforman #ExperienciaExclusiva #CulturaYBienestar<\/p>","protected":false},"excerpt":{"rendered":"<p>Vuelve la cena m\u00e1s especial del a\u00f1o! \ud83d\udd25 El Taller CABA abre sus puertas nuevamente para una experiencia gastron\u00f3mica \u00fanica e irrepetible, donde los sentidos son protagonistas. \ud83c\udf7d\ufe0f Un men\u00fa exclusivo inspirado en el poder del cannabis, dise\u00f1ado para sorprenderte con nuevos sabores, texturas y sensaciones. Ser\u00e1 una noche \u00edntima, con platos creados especialmente para [&hellip;]<\/p>\n","protected":false},"author":2,"featured_media":430,"comment_status":"open","ping_status":"open","sticky":false,"template":"","format":"standard","meta":{"footnotes":""},"categories":[1],"tags":[],"class_list":["post-428","post","type-post","status-publish","format-standard","has-post-thumbnail","hentry","category-sin-categoria"],"_links":{"self":[{"href":"https:\/\/eltaller.info\/index.php?rest_route=\/wp\/v2\/posts\/428","targetHints":{"allow":["GET"]}}],"collection":[{"href":"https:\/\/eltaller.info\/index.php?rest_route=\/wp\/v2\/posts"}],"about":[{"href":"https:\/\/eltaller.info\/index.php?rest_route=\/wp\/v2\/types\/post"}],"author":[{"embeddable":true,"href":"https:\/\/eltaller.info\/index.php?rest_route=\/wp\/v2\/users\/2"}],"replies":[{"embeddable":true,"href":"https:\/\/eltaller.info\/index.php?rest_route=%2Fwp%2Fv2%2Fcomments&post=428"}],"version-history":[{"count":2,"href":"https:\/\/eltaller.info\/index.php?rest_route=\/wp\/v2\/posts\/428\/revisions"}],"predecessor-version":[{"id":434,"href":"https:\/\/eltaller.info\/index.php?rest_route=\/wp\/v2\/posts\/428\/revisions\/434"}],"wp:featuredmedia":[{"embeddable":true,"href":"https:\/\/eltaller.info\/index.php?rest_route=\/wp\/v2\/media\/430"}],"wp:attachment":[{"href":"https:\/\/eltaller.info\/index.php?rest_route=%2Fwp%2Fv2%2Fmedia&parent=428"}],"wp:term":[{"taxonomy":"category","embeddable":true,"href":"https:\/\/eltaller.info\/index.php?rest_route=%2Fwp%2Fv2%2Fcategories&post=428"},{"taxonomy":"post_tag","embeddable":true,"href":"https:\/\/eltaller.info\/index.php?rest_route=%2Fwp%2Fv2%2Ftags&post=428"}],"curies":[{"name":"wp","href":"https:\/\/api.w.org\/{rel}","templated":true}]}}