{"id":436,"date":"2025-02-16T23:31:47","date_gmt":"2025-02-17T02:31:47","guid":{"rendered":"https:\/\/eltaller.info\/?p=436"},"modified":"2025-02-16T23:31:47","modified_gmt":"2025-02-17T02:31:47","slug":"20-2-babel-night","status":"publish","type":"post","link":"https:\/\/eltaller.info\/?p=436","title":{"rendered":"20\/2 &#8211; Babel Night"},"content":{"rendered":"<div class=\"wp-block-columns is-layout-flex wp-container-core-columns-is-layout-28f84493 wp-block-columns-is-layout-flex\"><div class=\"wp-block-column is-layout-flow wp-block-column-is-layout-flow\"><p>\u00a1Babel Night vuelve con todo! \ud83c\udf0d\u2728<\/p>\n\n<p>Este jueves 20 de febrero, sumate a <strong>una noche \u00fanica de intercambio de idiomas, cultura y conexiones internacionales<\/strong> en <strong>El Taller CABA<\/strong>. Conoc\u00e9 gente de todo el mundo, practic\u00e1 distintos idiomas y disfrut\u00e1 de un ambiente vibrante con buena m\u00fasica, tragos y comida incre\u00edble.<\/p>\n\n<p>\ud83c\udfaf <strong>\u00bfLo mejor?<\/strong> Si lleg\u00e1s temprano, vas a poder cruzarte con los <strong>Global Shapers<\/strong>, una red mundial de j\u00f3venes l\u00edderes que est\u00e1n cambiando el mundo desde sus ciudades. Qui\u00e9n sabe\u2026 quiz\u00e1s una charla casual termine en una idea que transforme todo.<\/p>\n\n<p>\ud83d\udd39 <strong>\ud83d\udcc5 Cu\u00e1ndo:<\/strong> Jueves 20 de febrero<br>\ud83d\udd39 <strong>\ud83d\udd62 Hora:<\/strong> A partir de las 19:30 h<br>\ud83d\udd39 <strong>\ud83d\udccd D\u00f3nde:<\/strong> El Taller CABA, Av. Dorrego 1039, Chacarita<\/p>\n\n<p>\ud83d\udca1 <strong>Llega temprano y conoc\u00e9 a los Global Shapers.<\/strong><br>\ud83c\udf0e <strong>Quedate y viv\u00ed la magia del Babel Night.<\/strong><\/p>\n\n<p>\ud83d\udccc <strong><a href=\"#\">Reserv\u00e1 ya, no te quedes afuera<\/a><\/strong><\/p>\n\n<p>\u00a1Nos vemos ah\u00ed! \ud83d\ude80\ud83d\udd25<\/p>\n\n<p>#BabelNight #ElTallerCABA #IntercambioDeIdiomas #ConexionesGlobales #GlobalShapers<\/p><\/div>\n\n<div class=\"wp-block-column is-layout-flow wp-block-column-is-layout-flow\"><p><strong>Babel Night is back! \ud83c\udf0d\u2728<\/strong><\/p>\n\n<p>This Thursday, February 20th, join us at <strong>El Taller CABA<\/strong> for a <strong>unique night of language exchange, culture, and international connections<\/strong>. Meet people from all over the world, practice different languages, and enjoy a vibrant atmosphere with great music, drinks, and delicious food.<\/p>\n\n<p>\ud83c\udfaf <strong>Bonus!<\/strong> Arrive early and you might run into the <strong>Global Shapers<\/strong>, a worldwide network of young leaders driving positive change in their communities. It\u2019s not a formal event, just a casual gathering\u2014who knows, a random conversation might spark something big!<\/p>\n\n<p>\ud83d\udd39 <strong>\ud83d\udcc5 When:<\/strong> Thursday, February 20th<br>\ud83d\udd39 <strong>\ud83d\udd62 Time:<\/strong> From 7:30 PM<br>\ud83d\udd39 <strong>\ud83d\udccd Where:<\/strong> El Taller CABA, Av. Dorrego 1039, Chacarita<\/p>\n\n<p>\ud83d\udca1 <strong>Arrive early and meet the Global Shapers.<\/strong><br>\ud83c\udf0e <strong>Stay and experience the magic of Babel Night.<\/strong><\/p>\n\n<p>\ud83d\udccc <strong><a href=\"#\">Reserve now\u2014don\u2019t miss out!<\/a><\/strong><\/p>\n\n<p>See you there! \ud83d\ude80\ud83d\udd25<\/p>\n\n<p>#BabelNight #ElTallerCABA #LanguageExchange #GlobalConnections #GlobalShapers<\/p><\/div><\/div>","protected":false},"excerpt":{"rendered":"<p>\u00a1Babel Night vuelve con todo! \ud83c\udf0d\u2728 Este jueves 20 de febrero, sumate a una noche \u00fanica de intercambio de idiomas, cultura y conexiones internacionales en El Taller CABA. Conoc\u00e9 gente de todo el mundo, practic\u00e1 distintos idiomas y disfrut\u00e1 de un ambiente vibrante con buena m\u00fasica, tragos y comida incre\u00edble. \ud83c\udfaf \u00bfLo mejor? Si lleg\u00e1s [&hellip;]<\/p>\n","protected":false},"author":2,"featured_media":437,"comment_status":"open","ping_status":"open","sticky":false,"template":"","format":"standard","meta":{"footnotes":""},"categories":[1],"tags":[],"class_list":["post-436","post","type-post","status-publish","format-standard","has-post-thumbnail","hentry","category-sin-categoria"],"_links":{"self":[{"href":"https:\/\/eltaller.info\/index.php?rest_route=\/wp\/v2\/posts\/436","targetHints":{"allow":["GET"]}}],"collection":[{"href":"https:\/\/eltaller.info\/index.php?rest_route=\/wp\/v2\/posts"}],"about":[{"href":"https:\/\/eltaller.info\/index.php?rest_route=\/wp\/v2\/types\/post"}],"author":[{"embeddable":true,"href":"https:\/\/eltaller.info\/index.php?rest_route=\/wp\/v2\/users\/2"}],"replies":[{"embeddable":true,"href":"https:\/\/eltaller.info\/index.php?rest_route=%2Fwp%2Fv2%2Fcomments&post=436"}],"version-history":[{"count":1,"href":"https:\/\/eltaller.info\/index.php?rest_route=\/wp\/v2\/posts\/436\/revisions"}],"predecessor-version":[{"id":438,"href":"https:\/\/eltaller.info\/index.php?rest_route=\/wp\/v2\/posts\/436\/revisions\/438"}],"wp:featuredmedia":[{"embeddable":true,"href":"https:\/\/eltaller.info\/index.php?rest_route=\/wp\/v2\/media\/437"}],"wp:attachment":[{"href":"https:\/\/eltaller.info\/index.php?rest_route=%2Fwp%2Fv2%2Fmedia&parent=436"}],"wp:term":[{"taxonomy":"category","embeddable":true,"href":"https:\/\/eltaller.info\/index.php?rest_route=%2Fwp%2Fv2%2Fcategories&post=436"},{"taxonomy":"post_tag","embeddable":true,"href":"https:\/\/eltaller.info\/index.php?rest_route=%2Fwp%2Fv2%2Ftags&post=436"}],"curies":[{"name":"wp","href":"https:\/\/api.w.org\/{rel}","templated":true}]}}