{"id":480,"date":"2025-03-11T10:30:23","date_gmt":"2025-03-11T13:30:23","guid":{"rendered":"https:\/\/eltaller.info\/?p=480"},"modified":"2025-03-11T10:30:23","modified_gmt":"2025-03-11T13:30:23","slug":"26-3-winfulness-cata-con-sentido","status":"publish","type":"post","link":"https:\/\/eltaller.info\/?p=480","title":{"rendered":"26\/3 &#8211; Winfulness &#8211; Cata con Sentido"},"content":{"rendered":"<p>\ud83c\udf77\u2728 Winefulness vuelve a El Taller CABA: una cata como nunca antes la viviste \u2728\ud83c\udf77<\/p><figure class=\"wp-block-embed is-type-video is-provider-youtube wp-block-embed-youtube wp-embed-aspect-4-3 wp-has-aspect-ratio\"><div class=\"wp-block-embed__wrapper\">\n<iframe loading=\"lazy\" title=\"Winefulnes - Cata con sentido - 26\/3\" width=\"500\" height=\"375\" src=\"https:\/\/www.youtube.com\/embed\/5QPuWBEXqEY?feature=oembed\" frameborder=\"0\" allow=\"accelerometer; autoplay; clipboard-write; encrypted-media; gyroscope; picture-in-picture; web-share\" referrerpolicy=\"strict-origin-when-cross-origin\" allowfullscreen><\/iframe>\n<\/div><\/figure><p>Sumergite en una experiencia de 6 pasos donde el Mindfulness y el vino se combinan para despertar tus sentidos y llevarte a una conexi\u00f3n m\u00e1s profunda con los aromas, sabores y texturas.<\/p><p>\ud83c\udf3f Degust\u00e1 con atenci\u00f3n plena, dejando que cada sorbo y bocado cuenten su historia en tu paladar.<\/p><p>\ud83c\udf7d\ufe0f 6 vinos + 6 platos inspirados en la comida callejera del mundo, dise\u00f1ados para potenciar la experiencia sensorial.<\/p><p>\ud83d\udc43 Explor\u00e1 el vino de manera aut\u00e9ntica, acompa\u00f1ado por una gu\u00eda experta en Mindfulness y un Sommelier que te llevar\u00e1n en este viaje \u00fanico.<\/p><p>\ud83d\udcc5 Fecha: 26\/3 &#8211; 8:20 PM<br>\ud83d\udccd Lugar: El Taller &#8211; Dorrego 1039 &#8211; Chacarita<br>\ud83c\udf9f\ufe0f Cupos limitados<br>\ud83d\udcb238.000<\/p><div class=\"wp-block-buttons is-layout-flex wp-block-buttons-is-layout-flex\"><div class=\"wp-block-button has-custom-width wp-block-button__width-50\"><a class=\"wp-block-button__link wp-element-button\" href=\"https:\/\/wa.me\/541156545312?text=Hola%21Me+interesa+el+evento+de+Winefulness+en+El+Taller\">Inscripci\u00f3n<\/a><\/div><\/div><p>#Winefulness #MindfulnessYVino #CataConsciente #ElTallerCABA #VinoConSentido<\/p>","protected":false},"excerpt":{"rendered":"<p>\ud83c\udf77\u2728 Winefulness vuelve a El Taller CABA: una cata como nunca antes la viviste \u2728\ud83c\udf77 Sumergite en una experiencia de 6 pasos donde el Mindfulness y el vino se combinan para despertar tus sentidos y llevarte a una conexi\u00f3n m\u00e1s profunda con los aromas, sabores y texturas. \ud83c\udf3f Degust\u00e1 con atenci\u00f3n plena, dejando que cada [&hellip;]<\/p>\n","protected":false},"author":2,"featured_media":481,"comment_status":"open","ping_status":"open","sticky":false,"template":"","format":"standard","meta":{"footnotes":""},"categories":[1],"tags":[],"class_list":["post-480","post","type-post","status-publish","format-standard","has-post-thumbnail","hentry","category-sin-categoria"],"_links":{"self":[{"href":"https:\/\/eltaller.info\/index.php?rest_route=\/wp\/v2\/posts\/480","targetHints":{"allow":["GET"]}}],"collection":[{"href":"https:\/\/eltaller.info\/index.php?rest_route=\/wp\/v2\/posts"}],"about":[{"href":"https:\/\/eltaller.info\/index.php?rest_route=\/wp\/v2\/types\/post"}],"author":[{"embeddable":true,"href":"https:\/\/eltaller.info\/index.php?rest_route=\/wp\/v2\/users\/2"}],"replies":[{"embeddable":true,"href":"https:\/\/eltaller.info\/index.php?rest_route=%2Fwp%2Fv2%2Fcomments&post=480"}],"version-history":[{"count":2,"href":"https:\/\/eltaller.info\/index.php?rest_route=\/wp\/v2\/posts\/480\/revisions"}],"predecessor-version":[{"id":528,"href":"https:\/\/eltaller.info\/index.php?rest_route=\/wp\/v2\/posts\/480\/revisions\/528"}],"wp:featuredmedia":[{"embeddable":true,"href":"https:\/\/eltaller.info\/index.php?rest_route=\/wp\/v2\/media\/481"}],"wp:attachment":[{"href":"https:\/\/eltaller.info\/index.php?rest_route=%2Fwp%2Fv2%2Fmedia&parent=480"}],"wp:term":[{"taxonomy":"category","embeddable":true,"href":"https:\/\/eltaller.info\/index.php?rest_route=%2Fwp%2Fv2%2Fcategories&post=480"},{"taxonomy":"post_tag","embeddable":true,"href":"https:\/\/eltaller.info\/index.php?rest_route=%2Fwp%2Fv2%2Ftags&post=480"}],"curies":[{"name":"wp","href":"https:\/\/api.w.org\/{rel}","templated":true}]}}