{"id":515,"date":"2025-04-07T19:49:29","date_gmt":"2025-04-07T22:49:29","guid":{"rendered":"https:\/\/eltaller.info\/?p=515"},"modified":"2025-04-11T20:25:37","modified_gmt":"2025-04-11T23:25:37","slug":"16-4-inauguracion-muestra-libertades-y-transformaciones","status":"publish","type":"post","link":"https:\/\/eltaller.info\/?p=515","title":{"rendered":"16\/4 &#8211; Inauguraci\u00f3n muestra &#8220;Libertades y transformaciones&#8221;"},"content":{"rendered":"<p>El 16\/4 a las 20:30 nos damos cita en El Taller, para la inauguraci\u00f3n de la muestra de arte &#8220;Libertades y Transformaciones&#8221;.<\/p><figure class=\"wp-block-image size-large\"><img loading=\"lazy\" decoding=\"async\" width=\"819\" height=\"1024\" src=\"https:\/\/eltaller.info\/wp-content\/uploads\/2025\/04\/Flyers-personales-LyT-en-El-Taller-4-819x1024.png\" alt=\"\" class=\"wp-image-524\" srcset=\"https:\/\/eltaller.info\/wp-content\/uploads\/2025\/04\/Flyers-personales-LyT-en-El-Taller-4-819x1024.png 819w, https:\/\/eltaller.info\/wp-content\/uploads\/2025\/04\/Flyers-personales-LyT-en-El-Taller-4-240x300.png 240w, https:\/\/eltaller.info\/wp-content\/uploads\/2025\/04\/Flyers-personales-LyT-en-El-Taller-4-768x960.png 768w, https:\/\/eltaller.info\/wp-content\/uploads\/2025\/04\/Flyers-personales-LyT-en-El-Taller-4.png 1080w\" sizes=\"auto, (max-width: 819px) 100vw, 819px\" \/><\/figure><p>Esta exposici\u00f3n colectiva re\u00fane a destacados artistas visuales que, a trav\u00e9s de sus obras, exploran las diversas facetas de la libertad y las metamorfosis del ser humano. La muestra estar\u00e1 abierta al p\u00fablico hasta el 15 de mayo.<\/p><p><strong>Artistas participantes:<\/strong><\/p><ul class=\"wp-block-list\"><li><strong><a href=\"https:\/\/www.instagram.com\/maxartpainting\">Max Araujo<\/a><\/strong>. Nacido en Buenos Aires, Argentina. Max Araujo ha desarrollado su carrera viviendo en Argentina, Nueva York, Brasil y Madrid. Sus obras fueron expuestas en \u00c1msterdam, Madrid, Mallorca, Singapur, Miami, Par\u00eds, Ruman\u00eda, Hong Kong, Suiza, Barcelona, Luxemburgo, Brasil y Argentina. Sus pinturas se pueden encontrar en colecciones privadas de&nbsp;todo&nbsp;el&nbsp;mundo.<\/li>\n\n<li><strong><a href=\"https:\/\/www.instagram.com\/viviberthetarte\">Vivi Berthet<\/a><\/strong>. Artista visual. En su Laboratorio de Arte, desde 2019 acompa\u00f1a los procesos de b\u00fasqueda e identidad art\u00edstica de quienes asisten. Especialista en el uso de pintura asf\u00e1ltica, participa en numerosas ferias de arte en el pa\u00eds y&nbsp;en&nbsp;el&nbsp;exterior.<\/li>\n\n<li><strong><a href=\"https:\/\/www.instagram.com\/ale.feijo\">Ale Feij\u00f3<\/a><\/strong>. Artista Visual, Profesora Nacional de Bellas Artes y Dise\u00f1adora Gr\u00e1fica UBA. Su obra est\u00e1 basada en la corporeidad femenina como signo de la interioridad, es especialista en la ense\u00f1anza de Dibujo de Figura Humana. Forma parte de numerosas galer\u00edas internacionales destac\u00e1ndose Metamorphose Gallery de Marbella, Espa\u00f1a. Es curadora en la galer\u00eda virtual Quarentena, sitio web dedicado a la difusi\u00f3n de artistas internacionales. Ha recibido premios reconocimientos a su trayectoria. Sus obras se han expuesto en 17 pa\u00edses y forman parte de colecciones privadas&nbsp;y&nbsp;de&nbsp;museos.<\/li>\n\n<li><strong><a href=\"https:\/\/www.instagram.com\/gustavo_herrera_art\">Gustavo Herrera<\/a><\/strong>. Artista pl\u00e1stico. Nacido en Buenos Aires, en 1966. Residente en Benavidez, partido de Tigre, Provincia de Buenos Aires. Realizo sus estudios de arte en la Escuela Manuel Belgrano y en la Prilidiano Pueyrredon. Asisti\u00f3 a los talleres de pintura de la artista Beatriz Alonso, y de escultura del artista Fernando Garc\u00eda Curten. Ganador del 1er Premio del Sal\u00f3n Nacional Carlos Regazzoni, en el a\u00f1o 2014. 1er Premio de Pintura, en Galeria Braque, en el a\u00f1o 2013. Ha participado en numerosas exposiciones colectivas e individuales. Sus obras forman parte de colecciones privadas en el pa\u00eds y&nbsp;en&nbsp;el&nbsp;exterior.<\/li>\n\n<li><strong><a href=\"https:\/\/www.instagram.com\/rominamont.ok\">Romina Mont<\/a><\/strong>. Artista visual, escritora y profesora de yoga. Tras la edici\u00f3n de sus libros -&#8220;Orgullo Goy&#8221; y &#8220;El mundo de Eli\u00e1n&#8221;- encontr\u00f3 en la pintura su nuevo lenguaje, integrando el yoga y la meditaci\u00f3n como catalizador de su proceso creativo. A partir del 2020, comenz\u00f3 a transformar sus obras en objetos de la vida cotidiana. Actualmente, tambi\u00e9n participa en numerosas exposiciones. Sus obras forman parte de colecciones privadas en Argentina, Ecuador, Espa\u00f1a&nbsp;e&nbsp;Israel.<\/li>\n\n<li><strong><a href=\"https:\/\/www.instagram.com\/normaperel.art\">Norma Perel<\/a><\/strong>. Argentina. M\u00e9dica Psiquiatra por vocaci\u00f3n y Artista Visual por pasi\u00f3n . Expone en forma ininterrumpida sus obras de Dibujo y Pintura figurativa al comienzo y luego Abstracta desde el a\u00f1o 2000 en numerosos salones y museos prestigiosos de Argentina , Espa\u00f1a, Montreal , Nueva York , Miami , Londres y Punta del Este (Uruguay ) Recibi\u00f3 premios importantes de jurados de Salones y Concursos Nacionales e internacionales y sus obras figuran en publicaciones de Arte Argentino con cr\u00edticas de prestigiosos maestros y en colecciones&nbsp;privadas&nbsp;.<\/li>\n\n<li><strong><a href=\"https:\/\/www.instagram.com\/laupoc\">Laura Poceiro<\/a><\/strong>. Artista visual. Especialista en arte equino, representando al caballo en su esencia pura. Participa en muestras colectivas dentro del \u00e1mbito ecuestre&nbsp;y&nbsp;art\u00edstico.<\/li>\n\n<li><strong><a href=\"https:\/\/www.instagram.com\/dzilbersztein\">Dar\u00edo Zilbersztein<\/a><\/strong>. Arquitecto, artista visual, gestor cultural. Nacido en Buenos Aires, en 1965. Graduado en Arquitectura en 1992, en la Universidad Nacional de Buenos Aires. De formaci\u00f3n pict\u00f3rica autodidacta, se manifiesta principalmente a trav\u00e9s del surrealismo. Fundador y director del Espacio de Arte Gusta Tu Gusto. Fue director y curador de Arteme, la Galer\u00eda de Artistas Emergentes del artista Carlos Regazzoni. Ha participado y organizado numerosas exposiciones colectivas e individuales incluidos el Museo Metropolitano de Arte Urbano (CBA), Centro Cultural Borges, Bs As Design, UCES, UNGS, Honorable Consejo Deliberante de Vicente L\u00f3pez, Paseo de las Artes Pedro de Mendoza, Norcenter, y diversas galer\u00edas y espacios de arte del pa\u00eds y del exterior. Ha realizado intervenciones urbanas y muralismo en CABA y en el conurbano Bonaerense. Sus obras forman parte de colecciones privadas en varios pa\u00edses y han sido seleccionadas en diversos concursos nacionales e internacionales.<\/li><\/ul><p>Los esperamos para compartir juntos esta experiencia art\u00edstica que invita a reflexionar sobre nuestras propias libertades y transformaciones.<\/p><div class=\"wp-block-buttons is-layout-flex wp-block-buttons-is-layout-flex\"><div class=\"wp-block-button\"><a class=\"wp-block-button__link wp-element-button\" href=\"https:\/\/eltaller.info\/?product_cat=arte\">Compra en el kiosko de arte<\/a><\/div><\/div>","protected":false},"excerpt":{"rendered":"<p>El 16\/4 a las 20:30 nos damos cita en El Taller, para la inauguraci\u00f3n de la muestra de arte &#8220;Libertades y Transformaciones&#8221;. Esta exposici\u00f3n colectiva re\u00fane a destacados artistas visuales que, a trav\u00e9s de sus obras, exploran las diversas facetas de la libertad y las metamorfosis del ser humano. La muestra estar\u00e1 abierta al p\u00fablico [&hellip;]<\/p>\n","protected":false},"author":2,"featured_media":524,"comment_status":"open","ping_status":"open","sticky":false,"template":"","format":"standard","meta":{"footnotes":""},"categories":[1],"tags":[],"class_list":["post-515","post","type-post","status-publish","format-standard","has-post-thumbnail","hentry","category-sin-categoria"],"_links":{"self":[{"href":"https:\/\/eltaller.info\/index.php?rest_route=\/wp\/v2\/posts\/515","targetHints":{"allow":["GET"]}}],"collection":[{"href":"https:\/\/eltaller.info\/index.php?rest_route=\/wp\/v2\/posts"}],"about":[{"href":"https:\/\/eltaller.info\/index.php?rest_route=\/wp\/v2\/types\/post"}],"author":[{"embeddable":true,"href":"https:\/\/eltaller.info\/index.php?rest_route=\/wp\/v2\/users\/2"}],"replies":[{"embeddable":true,"href":"https:\/\/eltaller.info\/index.php?rest_route=%2Fwp%2Fv2%2Fcomments&post=515"}],"version-history":[{"count":9,"href":"https:\/\/eltaller.info\/index.php?rest_route=\/wp\/v2\/posts\/515\/revisions"}],"predecessor-version":[{"id":562,"href":"https:\/\/eltaller.info\/index.php?rest_route=\/wp\/v2\/posts\/515\/revisions\/562"}],"wp:featuredmedia":[{"embeddable":true,"href":"https:\/\/eltaller.info\/index.php?rest_route=\/wp\/v2\/media\/524"}],"wp:attachment":[{"href":"https:\/\/eltaller.info\/index.php?rest_route=%2Fwp%2Fv2%2Fmedia&parent=515"}],"wp:term":[{"taxonomy":"category","embeddable":true,"href":"https:\/\/eltaller.info\/index.php?rest_route=%2Fwp%2Fv2%2Fcategories&post=515"},{"taxonomy":"post_tag","embeddable":true,"href":"https:\/\/eltaller.info\/index.php?rest_route=%2Fwp%2Fv2%2Ftags&post=515"}],"curies":[{"name":"wp","href":"https:\/\/api.w.org\/{rel}","templated":true}]}}